{"id":2291,"global_id":"vasilestroescu.md\/en\/?id=2291","global_id_lineage":["vasilestroescu.md\/en\/?id=2291"],"author":"2","status":"publish","date":"2025-03-18 10:42:10","date_utc":"2025-03-18 08:42:10","modified":"2025-03-18 10:42:10","modified_utc":"2025-03-18 08:42:10","url":"https:\/\/vasilestroescu.md\/en\/program-ro\/gal-vasile-stroescu-a-organizat-in-localitatea-tirnova-o-sesiune-de-informare-in-cadrul-programului-leader-apelul-nr-1-2025-vrem-sa-multumim-tuturor-celor-care-s-au-alatu\/","rest_url":"https:\/\/vasilestroescu.md\/en\/wp-json\/tribe\/events\/v1\/events\/2291","title":"\u201eGAL \u201dVasile Stroescu\u201d a organizat \u00een localitatea T\u00eernova o sesiune de informare \u00een cadrul Programului LEADER, apelul nr. 1\/2025. Vrem s\u0103 mul\u021bumim tuturor celor care s-au al\u0103turat acestei \u00eent\u00e2lniri \u0219i au demonstrat un interes deosebit pentru proiectele ce vizeaz\u0103 dezvoltarea comunit\u0103\u021bii noastre. #T\u00eernova #GalVasileStroescu #DezvoltareComunitar\u0103 Suntem recunosc\u0103tori pentru entuziasmul \u0219i implicarea voastr\u0103 activ\u0103. \u00cempreun\u0103, putem construi un viitor mai bun \u0219i sustenabil pentru T\u00eernova, valorific\u00e2nd oportunit\u0103\u021bile de finan\u021bare ce ne sunt puse la dispozi\u021bie.  Fiecare pas pe care \u00eel facem \u00eempreun\u0103 contribuie la crearea unei dezvolt\u0103ri durabile, iar acest lucru nu ar fi posibil f\u0103r\u0103 colaborarea fiec\u0103ruia dintre noi.\u201d  Programul LEADER este un instrument de subven\u021bionare a Grupurilor de Ac\u021biune Local\u0103 administrat de Ministerul Agriculturii \u015fi Industriei Alimentare \u0219i implementat de AIPA-Agen\u021bia de Interven\u021bie \u0219i Pl\u0103\u021bi pentru Agricultur\u0103 , cu sprijinul Re\u021belei Na\u021bionale LEADER in Moldova  #ProgramulLEADER #GAL #Dezvoltarearural\u0103 AIPA-Agen\u021bia de Interven\u021bie \u0219i Pl\u0103\u021bi pentru Agricultur\u0103 Ministerul Agriculturii \u015fi Industriei Alimentare","description":"<p><img data-recalc-dims=\"1\" fetchpriority=\"high\" decoding=\"async\" class=\"alignnone size-medium wp-image-2292\" src=\"https:\/\/i0.wp.com\/vasilestroescu.md\/wp-content\/uploads\/2025\/03\/481778211_701208452230437_9074149004671688756_n.jpg?resize=300%2C200&#038;ssl=1\" alt=\"\" width=\"300\" height=\"200\" title=\"\" srcset=\"https:\/\/i0.wp.com\/vasilestroescu.md\/wp-content\/uploads\/2025\/03\/481778211_701208452230437_9074149004671688756_n.jpg?resize=300%2C200&amp;ssl=1 300w, https:\/\/i0.wp.com\/vasilestroescu.md\/wp-content\/uploads\/2025\/03\/481778211_701208452230437_9074149004671688756_n.jpg?resize=1024%2C683&amp;ssl=1 1024w, https:\/\/i0.wp.com\/vasilestroescu.md\/wp-content\/uploads\/2025\/03\/481778211_701208452230437_9074149004671688756_n.jpg?resize=768%2C512&amp;ssl=1 768w, https:\/\/i0.wp.com\/vasilestroescu.md\/wp-content\/uploads\/2025\/03\/481778211_701208452230437_9074149004671688756_n.jpg?resize=1536%2C1024&amp;ssl=1 1536w, https:\/\/i0.wp.com\/vasilestroescu.md\/wp-content\/uploads\/2025\/03\/481778211_701208452230437_9074149004671688756_n.jpg?resize=1568%2C1045&amp;ssl=1 1568w, https:\/\/i0.wp.com\/vasilestroescu.md\/wp-content\/uploads\/2025\/03\/481778211_701208452230437_9074149004671688756_n.jpg?w=1620&amp;ssl=1 1620w\" sizes=\"(max-width: 300px) 100vw, 300px\" \/> <img data-recalc-dims=\"1\" decoding=\"async\" class=\"alignnone size-medium wp-image-2295\" src=\"https:\/\/i0.wp.com\/vasilestroescu.md\/wp-content\/uploads\/2025\/03\/481820090_701208278897121_7244594528368251547_n.jpg?resize=300%2C163&#038;ssl=1\" alt=\"\" width=\"300\" height=\"163\" title=\"\" srcset=\"https:\/\/i0.wp.com\/vasilestroescu.md\/wp-content\/uploads\/2025\/03\/481820090_701208278897121_7244594528368251547_n.jpg?resize=300%2C163&amp;ssl=1 300w, https:\/\/i0.wp.com\/vasilestroescu.md\/wp-content\/uploads\/2025\/03\/481820090_701208278897121_7244594528368251547_n.jpg?resize=1024%2C556&amp;ssl=1 1024w, https:\/\/i0.wp.com\/vasilestroescu.md\/wp-content\/uploads\/2025\/03\/481820090_701208278897121_7244594528368251547_n.jpg?resize=768%2C417&amp;ssl=1 768w, https:\/\/i0.wp.com\/vasilestroescu.md\/wp-content\/uploads\/2025\/03\/481820090_701208278897121_7244594528368251547_n.jpg?resize=1536%2C834&amp;ssl=1 1536w, https:\/\/i0.wp.com\/vasilestroescu.md\/wp-content\/uploads\/2025\/03\/481820090_701208278897121_7244594528368251547_n.jpg?resize=1568%2C851&amp;ssl=1 1568w, https:\/\/i0.wp.com\/vasilestroescu.md\/wp-content\/uploads\/2025\/03\/481820090_701208278897121_7244594528368251547_n.jpg?w=1920&amp;ssl=1 1920w\" sizes=\"(max-width: 300px) 100vw, 300px\" \/><\/p>","excerpt":"","slug":"gal-vasile-stroescu-a-organizat-in-localitatea-tirnova-o-sesiune-de-informare-in-cadrul-programului-leader-apelul-nr-1-2025-vrem-sa-multumim-tuturor-celor-care-s-au-alatu","image":false,"all_day":false,"start_date":"2025-03-18 08:00:00","start_date_details":{"year":"2025","month":"03","day":"18","hour":"08","minutes":"00","seconds":"00"},"end_date":"2025-03-18 17:00:00","end_date_details":{"year":"2025","month":"03","day":"18","hour":"17","minutes":"00","seconds":"00"},"utc_start_date":"2025-03-18 06:00:00","utc_start_date_details":{"year":"2025","month":"03","day":"18","hour":"06","minutes":"00","seconds":"00"},"utc_end_date":"2025-03-18 15:00:00","utc_end_date_details":{"year":"2025","month":"03","day":"18","hour":"15","minutes":"00","seconds":"00"},"timezone":"Europe\/Chisinau","timezone_abbr":"EET","cost":"","cost_details":{"currency_symbol":"mdl","currency_code":"MDL","currency_position":"suffix","values":[]},"website":"","show_map":true,"show_map_link":true,"hide_from_listings":false,"sticky":false,"featured":false,"categories":[{"name":"Programe Active","slug":"programe-active","term_group":0,"term_taxonomy_id":19,"taxonomy":"tribe_events_cat","description":"","parent":0,"count":49,"filter":"raw","id":19,"urls":{"self":"https:\/\/vasilestroescu.md\/en\/wp-json\/tribe\/events\/v1\/categories\/19","collection":"https:\/\/vasilestroescu.md\/en\/wp-json\/tribe\/events\/v1\/categories"}}],"tags":[],"venue":[],"organizer":[],"json_ld":{"@context":"http:\/\/schema.org","@type":"Event","name":"\u201eGAL \u201dVasile Stroescu\u201d a organizat \u00een localitatea T\u00eernova o sesiune de informare \u00een cadrul Programului LEADER, apelul nr. 1\/2025. Vrem s\u0103 mul\u021bumim tuturor celor care s-au al\u0103turat acestei \u00eent\u00e2lniri \u0219i au demonstrat un interes deosebit pentru proiectele ce vizeaz\u0103 dezvoltarea comunit\u0103\u021bii noastre. #T\u00eernova #GalVasileStroescu #DezvoltareComunitar\u0103 Suntem recunosc\u0103tori pentru entuziasmul \u0219i implicarea voastr\u0103 activ\u0103. \u00cempreun\u0103, putem construi un viitor mai bun \u0219i sustenabil pentru T\u00eernova, valorific\u00e2nd oportunit\u0103\u021bile de finan\u021bare ce ne sunt puse la dispozi\u021bie.  Fiecare pas pe care \u00eel facem \u00eempreun\u0103 contribuie la crearea unei dezvolt\u0103ri durabile, iar acest lucru nu ar fi posibil f\u0103r\u0103 colaborarea fiec\u0103ruia dintre noi.\u201d  Programul LEADER este un instrument de subven\u021bionare a Grupurilor de Ac\u021biune Local\u0103 administrat de Ministerul Agriculturii \u015fi Industriei Alimentare \u0219i implementat de AIPA-Agen\u021bia de Interven\u021bie \u0219i Pl\u0103\u021bi pentru Agricultur\u0103 , cu sprijinul Re\u021belei Na\u021bionale LEADER in Moldova  #ProgramulLEADER #GAL #Dezvoltarearural\u0103 AIPA-Agen\u021bia de Interven\u021bie \u0219i Pl\u0103\u021bi pentru Agricultur\u0103 Ministerul Agriculturii \u015fi Industriei Alimentare","description":"","url":"https:\/\/vasilestroescu.md\/en\/program-ro\/gal-vasile-stroescu-a-organizat-in-localitatea-tirnova-o-sesiune-de-informare-in-cadrul-programului-leader-apelul-nr-1-2025-vrem-sa-multumim-tuturor-celor-care-s-au-alatu\/","eventAttendanceMode":"https:\/\/schema.org\/OfflineEventAttendanceMode","eventStatus":"https:\/\/schema.org\/EventScheduled","startDate":"2025-03-18T08:00:00+02:00","endDate":"2025-03-18T17:00:00+02:00","performer":"Organization"}}